{"id":10736,"date":"2022-02-01T22:18:00","date_gmt":"2022-02-01T20:18:00","guid":{"rendered":"https:\/\/aidarsolutions.com\/die-lockdown-generation-veraendert-die-welt-nach-der-pandemie\/"},"modified":"2022-11-08T19:12:29","modified_gmt":"2022-11-08T17:12:29","slug":"die-lockdown-generation-veraendert-die-welt-nach-der-pandemie","status":"publish","type":"post","link":"https:\/\/aidarsolutions.com\/de\/die-lockdown-generation-veraendert-die-welt-nach-der-pandemie\/","title":{"rendered":"Die &#8220;Lockdown-Generation&#8221; ver\u00e4ndert die Welt nach der Pandemie"},"content":{"rendered":"\n<figure class=\"wp-block-gallery has-nested-images columns-default is-cropped wp-block-gallery-1 is-layout-flex wp-block-gallery-is-layout-flex\">\n<figure class=\"wp-block-image size-full\"><img loading=\"lazy\" decoding=\"async\" width=\"1024\" height=\"683\" data-id=\"6508\" src=\"https:\/\/aidarsolutions.com\/wp-content\/uploads\/2022\/08\/lockdown-generationx1024.webp\" alt=\"Lockdown-Generation - Aidar-L&#xF6;sungen\" class=\"wp-image-6508\" srcset=\"https:\/\/aidarsolutions.com\/wp-content\/uploads\/2022\/08\/lockdown-generationx1024.webp 1024w, https:\/\/aidarsolutions.com\/wp-content\/uploads\/2022\/08\/lockdown-generationx1024-300x200.webp 300w, https:\/\/aidarsolutions.com\/wp-content\/uploads\/2022\/08\/lockdown-generationx1024-768x512.webp 768w\" sizes=\"(max-width: 1024px) 100vw, 1024px\" \/><\/figure>\n<\/figure>\n\n<p><strong>Die Pandemie mit ihren strengen Sperrungen ist fast vorbei, aber sie hat definitiv einen bleibenden Eindruck davon hinterlassen, wie wir die Dinge hier angehen. Sie wirkt sich nicht nur auf unsere Gesundheit und unser allgemeines Wohlbefinden aus, sondern auch auf die Wahrnehmung der Welt und unseres Arbeitsplatzes. Die &#8220;Lockdown-Generation&#8221; oder &#8220;Covid-19-Generation&#8221;, die am st\u00e4rksten von der Pandemie betroffen ist, beweist bereits, dass sowohl der Arbeitsmarkt als auch die Wirtschaft durch neue Technologien tiefgreifend ver\u00e4ndert werden.<\/strong><\/p>\n\n<p>Mitten in der Pandemie ver\u00f6ffentlichte die Association of Business Service Leaders (ABSL) in Zusammenarbeit mit ihren strategischen Partnern &#8211; der Adecco Group und Colliers &#8211; einen Bericht &#8220;Year of critical changes&#8221;. Manager, Wirtschaftswissenschaftler, Psychologen und Soziologen, sie alle analysierten die kleinsten Ver\u00e4nderungen, die durch die Coronavirus-Pandemie verursacht wurden, und ihre Auswirkungen auf die Psyche und das Verhalten junger Arbeitnehmer in verschiedenen Branchen. Der Bericht war ein Versuch, die folgende Frage zu beantworten: Wie entscheidend wird Covid-19 f\u00fcr das Leben im Allgemeinen sein und wie werden sich die Arbeits- und Wirtschaftsmuster danach ver\u00e4ndern?<\/p>\n\n<h2 class=\"wp-block-heading\" id=\"id1648471892250\">Pandemie schafft Verantwortung f\u00fcr andere<\/h2>\n\n<p>Laut einer Studie von Delloitte &#8220;hat die Pandemie bei Millennials und der Generation Z ein Gef\u00fchl der Verantwortung f\u00fcr andere geschaffen, was sich aus Unternehmenssicht positiv auswirken kann. Langfristig f\u00fchlt sich die &#8220;Lockdown-Generation&#8221; m\u00f6glicherweise st\u00e4rker f\u00fcr das Unternehmen und seine Kunden verantwortlich als \u00e4ltere Mitarbeiter. Die Pandemie hat auch das Bed\u00fcrfnis der jungen Menschen verst\u00e4rkt, kleine und lokale Unternehmen zu unterst\u00fctzen&#8221;.<\/p>\n\n<h2 class=\"wp-block-heading\" id=\"id1648471892252\">Flexibilit\u00e4t und Aufgeschlossenheit als ein Muss f\u00fcr neue Arbeitsmodelle<\/h2>\n\n<p>Die Pandemiekrise erfordert von beiden Seiten &#8211; Arbeitnehmer und Arbeitgeber &#8211; Flexibilit\u00e4t und Aufgeschlossenheit in allen Arbeitsbereichen. Nach Ansicht von Experten zwingt dies zur Schaffung eines neuen Arbeits\u00f6kosystems, das: &#8220;Es muss sich in Richtung eines Netzes vernetzter Orte bewegen, die an die Bed\u00fcrfnisse des Einzelnen und des Teams angepasst sind, einschlie\u00dflich des traditionellen B\u00fcros, des Heims und alternativer Orte (\u00f6ffentliche Orte wie Bibliotheken, Caf\u00e9s usw., Arbeitsr\u00e4ume oder andere Orte, an denen nach dem On-Demand-Prinzip gearbeitet werden kann)&#8221;. Es gibt nur eine Grundregel: Alle m\u00fcssen mit Hochgeschwindigkeitsinternet ausgestattet sein.<\/p>\n\n<h2 class=\"wp-block-heading\" id=\"id1648471892254\">Der Arbeitsmarkt nach der Pandemie<\/h2>\n\n<p>Die Pandemie beschleunigte den bereits laufenden Prozess der digitalen Transformation der Weltwirtschaft. Das Ergebnis ist ein extrem schnelles digitales Bef\u00e4higungsverfahren, das sowohl Unternehmen als auch Mitarbeiter durchlaufen m\u00fcssen. Nach Ansicht der Autoren des Berichts wird es in naher Zukunft vor allem um Up-Skilling (Erh\u00f6hung der Qualifikationen) und Reskilling (Erwerb neuer Kompetenzen) gehen. Nur so sind Unternehmen und Organisationen in der Lage, sich an den digitalen Wandel anzupassen. &#8220;Fast 40 % der F\u00e4higkeiten und Kenntnisse, \u00fcber die Arbeitnehmer heute verf\u00fcgen, werden in den n\u00e4chsten drei Jahren nutzlos sein&#8221;, hei\u00dft es im ABSL-Bericht.<\/p>\n\n<h2 class=\"wp-block-heading\" id=\"id1648471892258\">Neue Technologien als Wendepunkt<\/h2>\n\n<p>Die Schlie\u00dfungen haben selbst in den gr\u00f6\u00dften und st\u00e4rksten Branchen f\u00fcr viel Aufruhr gesorgt. Wir alle wussten instinktiv, dass der einzige Weg zur \u00dcberwindung der aufkommenden Probleme darin bestand, den Gesch\u00e4ftsalltag zu \u00e4ndern. Die Digitalisierung und die digitale Transformation erforderten eine gro\u00dfe Bereitschaft der Menschen, aber auch die richtigen Werkzeuge, um Ver\u00e4nderungen in der Arbeitswelt einzuf\u00fchren. <\/p>\n\n<p>Genau hier kann Aidar seinen Kunden helfen. Unsere beiden L\u00f6sungen Aidar.Skills (ein auf Virtual Reality basierendes System zum Fernaustausch von Wissen) und Aidar. Service (ein ultimatives Augmented-Reality-Support-Tool, das es Experten und Managern des Unternehmens erm\u00f6glicht, Mitarbeiter aus der Ferne zu unterst\u00fctzen) k\u00f6nnen Unternehmen ihr Gesch\u00e4ft auf eine v\u00f6llig neue digitale Ebene heben. Unsere L\u00f6sungen hielten Anlagen und Maschinen in Betrieb, ohne dass aufgrund von Pandemie einschr\u00e4nkungen das gesamte Personal vor Ort anwesend war. <\/p>\n\n<p>F\u00fcr einige ist die schlechte Nachricht, dass nichts mehr so sein wird wie vor der Pandemie. Sie sehen dies als Bedrohung. Unternehmen m\u00fcssen sich dynamisch ver\u00e4ndern und neue L\u00f6sungen und Instrumente einf\u00fchren, um in diesem globalen wirtschaftlichen Wettlauf mithalten zu k\u00f6nnen. F\u00fcr andere ist die gute Nachricht, dass nichts mehr so sein wird, wie es vor der Pandemie war. Diese suchen nach Chancen, die sich mit dem Wandel ergeben. F\u00fcr beide gibt es keinen anderen Weg, als vorw\u00e4rts zu gehen. Und vorw\u00e4rts bedeutet neue Technologien. <\/p>\n\n<p>Mehr \u00fcber diese Arbeits(r)evolution erfahren Sie in dem Bericht &#8220;<a href=\"https:\/\/absl.pl\/en\/news\/p\/rok-przelomowych-zmian-absl-prezentuje-pierwsza-publikacje-przygotowana-we-wspolpracy-partnerami-strategicznymi\" target=\"_blank\" rel=\"noreferrer noopener\">Year of critical changes<\/a>&#8220;, der von der Association of Business Service Leaders (ABSL) in Zusammenarbeit mit der Adecco Group und Colliers erstellt wurde.<\/p>\n\n<p><\/p>\n","protected":false},"excerpt":{"rendered":"<p>Die Pandemie mit ihren strengen Sperrungen ist fast vorbei, aber sie hat definitiv einen bleibenden Eindruck davon hinterlassen, wie wir die Dinge hier angehen. Sie wirkt sich nicht nur auf unsere Gesundheit und unser allgemeines Wohlbefinden aus, sondern auch auf die Wahrnehmung der Welt und unseres Arbeitsplatzes. Die &#8220;Lockdown-Generation&#8221; oder &#8220;Covid-19-Generation&#8221;, die am st\u00e4rksten von [&hellip;]<\/p>\n","protected":false},"author":7,"featured_media":8934,"comment_status":"closed","ping_status":"closed","sticky":false,"template":"","format":"standard","meta":{"footnotes":""},"categories":[99],"tags":[],"class_list":["post-10736","post","type-post","status-publish","format-standard","has-post-thumbnail","hentry","category-wissensdatenbank"],"yoast_head":"<!-- This site is optimized with the Yoast SEO plugin v25.2 - https:\/\/yoast.com\/wordpress\/plugins\/seo\/ -->\n<title>Die Lockdown-Generation ver\u00e4ndert die Welt nach der Pandemie<\/title>\n<meta name=\"description\" content=\"Die Pandemie hat sich auf unser allgemeines Wohlbefinden, unsere Wahrnehmung der Welt und unseren Arbeitsplatz ausgewirkt. Lesen Sie mehr \u00fcber die Lockdown Generation.\" \/>\n<meta name=\"robots\" content=\"index, follow, max-snippet:-1, max-image-preview:large, max-video-preview:-1\" \/>\n<link rel=\"canonical\" href=\"https:\/\/aidarsolutions.com\/de\/die-lockdown-generation-veraendert-die-welt-nach-der-pandemie\/\" \/>\n<meta property=\"og:locale\" content=\"de_DE\" \/>\n<meta property=\"og:type\" content=\"article\" \/>\n<meta property=\"og:title\" content=\"Die Lockdown-Generation ver\u00e4ndert die Welt nach der Pandemie\" \/>\n<meta property=\"og:description\" content=\"Die Pandemie hat sich auf unser allgemeines Wohlbefinden, unsere Wahrnehmung der Welt und unseren Arbeitsplatz ausgewirkt. Lesen Sie mehr \u00fcber die Lockdown Generation.\" \/>\n<meta property=\"og:url\" content=\"https:\/\/aidarsolutions.com\/de\/die-lockdown-generation-veraendert-die-welt-nach-der-pandemie\/\" \/>\n<meta property=\"og:site_name\" content=\"AIDAR Solutions | VR &amp; AR for business\" \/>\n<meta property=\"article:published_time\" content=\"2022-02-01T20:18:00+00:00\" \/>\n<meta property=\"article:modified_time\" content=\"2022-11-08T17:12:29+00:00\" \/>\n<meta property=\"og:image\" content=\"https:\/\/aidarsolutions.com\/wp-content\/uploads\/2022\/08\/lockdown-generationx1024.webp\" \/>\n<meta name=\"author\" content=\"Jakub Koba\" \/>\n<meta name=\"twitter:card\" content=\"summary_large_image\" \/>\n<meta name=\"twitter:label1\" content=\"Verfasst von\" \/>\n\t<meta name=\"twitter:data1\" content=\"Jakub Koba\" \/>\n\t<meta name=\"twitter:label2\" content=\"Gesch\u00e4tzte Lesezeit\" \/>\n\t<meta name=\"twitter:data2\" content=\"4\u00a0Minuten\" \/>\n<script type=\"application\/ld+json\" class=\"yoast-schema-graph\">{\"@context\":\"https:\/\/schema.org\",\"@graph\":[{\"@type\":\"Article\",\"@id\":\"https:\/\/aidarsolutions.com\/de\/die-lockdown-generation-veraendert-die-welt-nach-der-pandemie\/#article\",\"isPartOf\":{\"@id\":\"https:\/\/aidarsolutions.com\/de\/die-lockdown-generation-veraendert-die-welt-nach-der-pandemie\/\"},\"author\":{\"name\":\"Jakub Koba\",\"@id\":\"https:\/\/aidarsolutions.com\/de\/#\/schema\/person\/7fef006612e3c7eac372f0e7238683e3\"},\"headline\":\"Die &#8220;Lockdown-Generation&#8221; ver\u00e4ndert die Welt nach der Pandemie\",\"datePublished\":\"2022-02-01T20:18:00+00:00\",\"dateModified\":\"2022-11-08T17:12:29+00:00\",\"mainEntityOfPage\":{\"@id\":\"https:\/\/aidarsolutions.com\/de\/die-lockdown-generation-veraendert-die-welt-nach-der-pandemie\/\"},\"wordCount\":746,\"publisher\":{\"@id\":\"https:\/\/aidarsolutions.com\/de\/#organization\"},\"image\":{\"@id\":\"https:\/\/aidarsolutions.com\/de\/die-lockdown-generation-veraendert-die-welt-nach-der-pandemie\/#primaryimage\"},\"thumbnailUrl\":\"https:\/\/aidarsolutions.com\/wp-content\/uploads\/2022\/08\/lockdown-generationx1024.webp\",\"articleSection\":[\"Wissensdatenbank\"],\"inLanguage\":\"de\"},{\"@type\":\"WebPage\",\"@id\":\"https:\/\/aidarsolutions.com\/de\/die-lockdown-generation-veraendert-die-welt-nach-der-pandemie\/\",\"url\":\"https:\/\/aidarsolutions.com\/de\/die-lockdown-generation-veraendert-die-welt-nach-der-pandemie\/\",\"name\":\"Die Lockdown-Generation ver\u00e4ndert die Welt nach der Pandemie\",\"isPartOf\":{\"@id\":\"https:\/\/aidarsolutions.com\/de\/#website\"},\"primaryImageOfPage\":{\"@id\":\"https:\/\/aidarsolutions.com\/de\/die-lockdown-generation-veraendert-die-welt-nach-der-pandemie\/#primaryimage\"},\"image\":{\"@id\":\"https:\/\/aidarsolutions.com\/de\/die-lockdown-generation-veraendert-die-welt-nach-der-pandemie\/#primaryimage\"},\"thumbnailUrl\":\"https:\/\/aidarsolutions.com\/wp-content\/uploads\/2022\/08\/lockdown-generationx1024.webp\",\"datePublished\":\"2022-02-01T20:18:00+00:00\",\"dateModified\":\"2022-11-08T17:12:29+00:00\",\"description\":\"Die Pandemie hat sich auf unser allgemeines Wohlbefinden, unsere Wahrnehmung der Welt und unseren Arbeitsplatz ausgewirkt. Lesen Sie mehr \u00fcber die Lockdown Generation.\",\"inLanguage\":\"de\",\"potentialAction\":[{\"@type\":\"ReadAction\",\"target\":[\"https:\/\/aidarsolutions.com\/de\/die-lockdown-generation-veraendert-die-welt-nach-der-pandemie\/\"]}]},{\"@type\":\"ImageObject\",\"inLanguage\":\"de\",\"@id\":\"https:\/\/aidarsolutions.com\/de\/die-lockdown-generation-veraendert-die-welt-nach-der-pandemie\/#primaryimage\",\"url\":\"https:\/\/aidarsolutions.com\/wp-content\/uploads\/2022\/08\/lockdown-generationx1024.webp\",\"contentUrl\":\"https:\/\/aidarsolutions.com\/wp-content\/uploads\/2022\/08\/lockdown-generationx1024.webp\",\"width\":1024,\"height\":683},{\"@type\":\"WebSite\",\"@id\":\"https:\/\/aidarsolutions.com\/de\/#website\",\"url\":\"https:\/\/aidarsolutions.com\/de\/\",\"name\":\"AIDAR Solutions | VR & AR for business\",\"description\":\"Future is here! VR &amp; AR for everyone\",\"publisher\":{\"@id\":\"https:\/\/aidarsolutions.com\/de\/#organization\"},\"potentialAction\":[{\"@type\":\"SearchAction\",\"target\":{\"@type\":\"EntryPoint\",\"urlTemplate\":\"https:\/\/aidarsolutions.com\/de\/?s={search_term_string}\"},\"query-input\":{\"@type\":\"PropertyValueSpecification\",\"valueRequired\":true,\"valueName\":\"search_term_string\"}}],\"inLanguage\":\"de\"},{\"@type\":\"Organization\",\"@id\":\"https:\/\/aidarsolutions.com\/de\/#organization\",\"name\":\"AIDAR Solutions | VR & AR for business\",\"url\":\"https:\/\/aidarsolutions.com\/de\/\",\"logo\":{\"@type\":\"ImageObject\",\"inLanguage\":\"de\",\"@id\":\"https:\/\/aidarsolutions.com\/de\/#\/schema\/logo\/image\/\",\"url\":\"https:\/\/aidarsolutions.com\/wp-content\/uploads\/2021\/06\/logo_poziom_blue.png\",\"contentUrl\":\"https:\/\/aidarsolutions.com\/wp-content\/uploads\/2021\/06\/logo_poziom_blue.png\",\"width\":332,\"height\":120,\"caption\":\"AIDAR Solutions | VR & AR for business\"},\"image\":{\"@id\":\"https:\/\/aidarsolutions.com\/de\/#\/schema\/logo\/image\/\"}},{\"@type\":\"Person\",\"@id\":\"https:\/\/aidarsolutions.com\/de\/#\/schema\/person\/7fef006612e3c7eac372f0e7238683e3\",\"name\":\"Jakub Koba\",\"sameAs\":[\"https:\/\/www.kogifi.com\"],\"url\":\"https:\/\/aidarsolutions.com\/de\/author\/jakubkoba\/\"}]}<\/script>\n<!-- \/ Yoast SEO plugin. -->","yoast_head_json":{"title":"Die Lockdown-Generation ver\u00e4ndert die Welt nach der Pandemie","description":"Die Pandemie hat sich auf unser allgemeines Wohlbefinden, unsere Wahrnehmung der Welt und unseren Arbeitsplatz ausgewirkt. Lesen Sie mehr \u00fcber die Lockdown Generation.","robots":{"index":"index","follow":"follow","max-snippet":"max-snippet:-1","max-image-preview":"max-image-preview:large","max-video-preview":"max-video-preview:-1"},"canonical":"https:\/\/aidarsolutions.com\/de\/die-lockdown-generation-veraendert-die-welt-nach-der-pandemie\/","og_locale":"de_DE","og_type":"article","og_title":"Die Lockdown-Generation ver\u00e4ndert die Welt nach der Pandemie","og_description":"Die Pandemie hat sich auf unser allgemeines Wohlbefinden, unsere Wahrnehmung der Welt und unseren Arbeitsplatz ausgewirkt. Lesen Sie mehr \u00fcber die Lockdown Generation.","og_url":"https:\/\/aidarsolutions.com\/de\/die-lockdown-generation-veraendert-die-welt-nach-der-pandemie\/","og_site_name":"AIDAR Solutions | VR &amp; AR for business","article_published_time":"2022-02-01T20:18:00+00:00","article_modified_time":"2022-11-08T17:12:29+00:00","og_image":[{"url":"https:\/\/aidarsolutions.com\/wp-content\/uploads\/2022\/08\/lockdown-generationx1024.webp","type":"","width":"","height":""}],"author":"Jakub Koba","twitter_card":"summary_large_image","twitter_misc":{"Verfasst von":"Jakub Koba","Gesch\u00e4tzte Lesezeit":"4\u00a0Minuten"},"schema":{"@context":"https:\/\/schema.org","@graph":[{"@type":"Article","@id":"https:\/\/aidarsolutions.com\/de\/die-lockdown-generation-veraendert-die-welt-nach-der-pandemie\/#article","isPartOf":{"@id":"https:\/\/aidarsolutions.com\/de\/die-lockdown-generation-veraendert-die-welt-nach-der-pandemie\/"},"author":{"name":"Jakub Koba","@id":"https:\/\/aidarsolutions.com\/de\/#\/schema\/person\/7fef006612e3c7eac372f0e7238683e3"},"headline":"Die &#8220;Lockdown-Generation&#8221; ver\u00e4ndert die Welt nach der Pandemie","datePublished":"2022-02-01T20:18:00+00:00","dateModified":"2022-11-08T17:12:29+00:00","mainEntityOfPage":{"@id":"https:\/\/aidarsolutions.com\/de\/die-lockdown-generation-veraendert-die-welt-nach-der-pandemie\/"},"wordCount":746,"publisher":{"@id":"https:\/\/aidarsolutions.com\/de\/#organization"},"image":{"@id":"https:\/\/aidarsolutions.com\/de\/die-lockdown-generation-veraendert-die-welt-nach-der-pandemie\/#primaryimage"},"thumbnailUrl":"https:\/\/aidarsolutions.com\/wp-content\/uploads\/2022\/08\/lockdown-generationx1024.webp","articleSection":["Wissensdatenbank"],"inLanguage":"de"},{"@type":"WebPage","@id":"https:\/\/aidarsolutions.com\/de\/die-lockdown-generation-veraendert-die-welt-nach-der-pandemie\/","url":"https:\/\/aidarsolutions.com\/de\/die-lockdown-generation-veraendert-die-welt-nach-der-pandemie\/","name":"Die Lockdown-Generation ver\u00e4ndert die Welt nach der Pandemie","isPartOf":{"@id":"https:\/\/aidarsolutions.com\/de\/#website"},"primaryImageOfPage":{"@id":"https:\/\/aidarsolutions.com\/de\/die-lockdown-generation-veraendert-die-welt-nach-der-pandemie\/#primaryimage"},"image":{"@id":"https:\/\/aidarsolutions.com\/de\/die-lockdown-generation-veraendert-die-welt-nach-der-pandemie\/#primaryimage"},"thumbnailUrl":"https:\/\/aidarsolutions.com\/wp-content\/uploads\/2022\/08\/lockdown-generationx1024.webp","datePublished":"2022-02-01T20:18:00+00:00","dateModified":"2022-11-08T17:12:29+00:00","description":"Die Pandemie hat sich auf unser allgemeines Wohlbefinden, unsere Wahrnehmung der Welt und unseren Arbeitsplatz ausgewirkt. Lesen Sie mehr \u00fcber die Lockdown Generation.","inLanguage":"de","potentialAction":[{"@type":"ReadAction","target":["https:\/\/aidarsolutions.com\/de\/die-lockdown-generation-veraendert-die-welt-nach-der-pandemie\/"]}]},{"@type":"ImageObject","inLanguage":"de","@id":"https:\/\/aidarsolutions.com\/de\/die-lockdown-generation-veraendert-die-welt-nach-der-pandemie\/#primaryimage","url":"https:\/\/aidarsolutions.com\/wp-content\/uploads\/2022\/08\/lockdown-generationx1024.webp","contentUrl":"https:\/\/aidarsolutions.com\/wp-content\/uploads\/2022\/08\/lockdown-generationx1024.webp","width":1024,"height":683},{"@type":"WebSite","@id":"https:\/\/aidarsolutions.com\/de\/#website","url":"https:\/\/aidarsolutions.com\/de\/","name":"AIDAR Solutions | VR & AR for business","description":"Future is here! VR &amp; AR for everyone","publisher":{"@id":"https:\/\/aidarsolutions.com\/de\/#organization"},"potentialAction":[{"@type":"SearchAction","target":{"@type":"EntryPoint","urlTemplate":"https:\/\/aidarsolutions.com\/de\/?s={search_term_string}"},"query-input":{"@type":"PropertyValueSpecification","valueRequired":true,"valueName":"search_term_string"}}],"inLanguage":"de"},{"@type":"Organization","@id":"https:\/\/aidarsolutions.com\/de\/#organization","name":"AIDAR Solutions | VR & AR for business","url":"https:\/\/aidarsolutions.com\/de\/","logo":{"@type":"ImageObject","inLanguage":"de","@id":"https:\/\/aidarsolutions.com\/de\/#\/schema\/logo\/image\/","url":"https:\/\/aidarsolutions.com\/wp-content\/uploads\/2021\/06\/logo_poziom_blue.png","contentUrl":"https:\/\/aidarsolutions.com\/wp-content\/uploads\/2021\/06\/logo_poziom_blue.png","width":332,"height":120,"caption":"AIDAR Solutions | VR & AR for business"},"image":{"@id":"https:\/\/aidarsolutions.com\/de\/#\/schema\/logo\/image\/"}},{"@type":"Person","@id":"https:\/\/aidarsolutions.com\/de\/#\/schema\/person\/7fef006612e3c7eac372f0e7238683e3","name":"Jakub Koba","sameAs":["https:\/\/www.kogifi.com"],"url":"https:\/\/aidarsolutions.com\/de\/author\/jakubkoba\/"}]}},"_links":{"self":[{"href":"https:\/\/aidarsolutions.com\/de\/wp-json\/wp\/v2\/posts\/10736"}],"collection":[{"href":"https:\/\/aidarsolutions.com\/de\/wp-json\/wp\/v2\/posts"}],"about":[{"href":"https:\/\/aidarsolutions.com\/de\/wp-json\/wp\/v2\/types\/post"}],"author":[{"embeddable":true,"href":"https:\/\/aidarsolutions.com\/de\/wp-json\/wp\/v2\/users\/7"}],"replies":[{"embeddable":true,"href":"https:\/\/aidarsolutions.com\/de\/wp-json\/wp\/v2\/comments?post=10736"}],"version-history":[{"count":1,"href":"https:\/\/aidarsolutions.com\/de\/wp-json\/wp\/v2\/posts\/10736\/revisions"}],"predecessor-version":[{"id":10737,"href":"https:\/\/aidarsolutions.com\/de\/wp-json\/wp\/v2\/posts\/10736\/revisions\/10737"}],"wp:featuredmedia":[{"embeddable":true,"href":"https:\/\/aidarsolutions.com\/de\/wp-json\/wp\/v2\/media\/8934"}],"wp:attachment":[{"href":"https:\/\/aidarsolutions.com\/de\/wp-json\/wp\/v2\/media?parent=10736"}],"wp:term":[{"taxonomy":"category","embeddable":true,"href":"https:\/\/aidarsolutions.com\/de\/wp-json\/wp\/v2\/categories?post=10736"},{"taxonomy":"post_tag","embeddable":true,"href":"https:\/\/aidarsolutions.com\/de\/wp-json\/wp\/v2\/tags?post=10736"}],"curies":[{"name":"wp","href":"https:\/\/api.w.org\/{rel}","templated":true}]}}